{"id":34492,"date":"2025-09-04T19:56:38","date_gmt":"2025-09-04T19:56:38","guid":{"rendered":"http:\/\/zsp-lasin.pl\/?p=34492"},"modified":"2025-09-06T05:59:21","modified_gmt":"2025-09-06T05:59:21","slug":"spotkanie-rodzicow-z-dyrektorem-szkoly","status":"publish","type":"post","link":"http:\/\/zsp-lasin.pl\/?p=34492","title":{"rendered":"Spotkanie rodzic\u00f3w z Dyrektorem szko\u0142y"},"content":{"rendered":"<div dir=\"auto\" style=\"text-align: justify;\"><span style=\"color: #000000;\">Serdecznie dzi\u0119kujemy wszystkim Pa\u0144stwu za przybycie i wys\u0142uchanie informacji, jakie Pani Dyrektor chcia\u0142a przekaza\u0107 na nowy rok szkolny 2025\/2026r.<\/span><\/div>\n<div dir=\"auto\" style=\"text-align: justify;\"><span style=\"color: #000000;\">Zach\u0119camy wszystkich rodzic\u00f3w w terminie od 8 do 16 wrze\u015bnia, do udzia\u0142u w zebraniach z wychowawcami poszczeg\u00f3lnych klas. Wasza obecno\u015b\u0107 w szkole jest bardzo wa\u017cna, poniewa\u017c jest to mo\u017cliwo\u015b\u0107 uzyskania niezb\u0119dnych informacji dotycz\u0105cych Pa\u0144stwa dziecka.<\/span><\/div>\n<p><\/p>\n<div dir=\"auto\"><a href=\"http:\/\/zsp-lasin.pl\/wp-content\/uploads\/2025\/09\/542189695_1281717743751965_1002146473806788832_n.jpg\"><img fetchpriority=\"high\" class=\"aligncenter wp-image-34493\" src=\"http:\/\/zsp-lasin.pl\/wp-content\/uploads\/2025\/09\/542189695_1281717743751965_1002146473806788832_n-300x225.jpg\" alt=\"\" width=\"400\" height=\"300\" srcset=\"http:\/\/zsp-lasin.pl\/wp-content\/uploads\/2025\/09\/542189695_1281717743751965_1002146473806788832_n-300x225.jpg 300w, http:\/\/zsp-lasin.pl\/wp-content\/uploads\/2025\/09\/542189695_1281717743751965_1002146473806788832_n-1024x768.jpg 1024w, http:\/\/zsp-lasin.pl\/wp-content\/uploads\/2025\/09\/542189695_1281717743751965_1002146473806788832_n-768x576.jpg 768w, http:\/\/zsp-lasin.pl\/wp-content\/uploads\/2025\/09\/542189695_1281717743751965_1002146473806788832_n-1536x1152.jpg 1536w, http:\/\/zsp-lasin.pl\/wp-content\/uploads\/2025\/09\/542189695_1281717743751965_1002146473806788832_n-360x270.jpg 360w, http:\/\/zsp-lasin.pl\/wp-content\/uploads\/2025\/09\/542189695_1281717743751965_1002146473806788832_n.jpg 2048w\" sizes=\"(max-width: 400px) 100vw, 400px\" \/><\/a><\/div>\n<div dir=\"auto\">\n<p style=\"text-align: right;\"><span style=\"color: #000000;\"><em><span style=\"font-family: 'times new roman', times, serif; font-size: 10px;\">(\u017ar\u00f3d\u0142o: SP \u0141asin)<\/span><\/em><\/span><\/p>\n<\/div>\n","protected":false},"excerpt":{"rendered":"<p>Serdecznie dzi\u0119kujemy wszystkim Pa\u0144stwu za przybycie i wys\u0142uchanie informacji, jakie Pani Dyrektor chcia\u0142a przekaza\u0107 na nowy rok szkolny 2025\/2026r. Zach\u0119camy wszystkich rodzic\u00f3w w terminie od 8 do 16 wrze\u015bnia, do udzia\u0142u w zebraniach z wychowawcami poszczeg\u00f3lnych klas. Wasza obecno\u015b\u0107 w szkole jest bardzo wa\u017cna, poniewa\u017c jest to mo\u017cliwo\u015b\u0107 uzyskania niezb\u0119dnych&hellip;<\/p>\n","protected":false},"author":1,"featured_media":0,"comment_status":"closed","ping_status":"closed","sticky":false,"template":"","format":"standard","meta":[],"categories":[1],"tags":[],"_links":{"self":[{"href":"http:\/\/zsp-lasin.pl\/index.php?rest_route=\/wp\/v2\/posts\/34492"}],"collection":[{"href":"http:\/\/zsp-lasin.pl\/index.php?rest_route=\/wp\/v2\/posts"}],"about":[{"href":"http:\/\/zsp-lasin.pl\/index.php?rest_route=\/wp\/v2\/types\/post"}],"author":[{"embeddable":true,"href":"http:\/\/zsp-lasin.pl\/index.php?rest_route=\/wp\/v2\/users\/1"}],"replies":[{"embeddable":true,"href":"http:\/\/zsp-lasin.pl\/index.php?rest_route=%2Fwp%2Fv2%2Fcomments&post=34492"}],"version-history":[{"count":2,"href":"http:\/\/zsp-lasin.pl\/index.php?rest_route=\/wp\/v2\/posts\/34492\/revisions"}],"predecessor-version":[{"id":34495,"href":"http:\/\/zsp-lasin.pl\/index.php?rest_route=\/wp\/v2\/posts\/34492\/revisions\/34495"}],"wp:attachment":[{"href":"http:\/\/zsp-lasin.pl\/index.php?rest_route=%2Fwp%2Fv2%2Fmedia&parent=34492"}],"wp:term":[{"taxonomy":"category","embeddable":true,"href":"http:\/\/zsp-lasin.pl\/index.php?rest_route=%2Fwp%2Fv2%2Fcategories&post=34492"},{"taxonomy":"post_tag","embeddable":true,"href":"http:\/\/zsp-lasin.pl\/index.php?rest_route=%2Fwp%2Fv2%2Ftags&post=34492"}],"curies":[{"name":"wp","href":"https:\/\/api.w.org\/{rel}","templated":true}]}}