{"id":34502,"date":"2025-09-06T06:03:43","date_gmt":"2025-09-06T06:03:43","guid":{"rendered":"http:\/\/zsp-lasin.pl\/?p=34502"},"modified":"2025-09-06T06:04:00","modified_gmt":"2025-09-06T06:04:00","slug":"wazna-wiadomosc-dotyczaca-platnosci-za-obiady-w-roku-szkolnym-2025-26","status":"publish","type":"post","link":"http:\/\/zsp-lasin.pl\/?p=34502","title":{"rendered":"Wa\u017cna wiadomo\u015b\u0107 dotycz\u0105c\u0105 p\u0142atno\u015bci <br>za obiady w roku szkolnym 2025\/2026"},"content":{"rendered":"<p><span style=\"color: #000000;\">Ze wzgl\u0119du na dodatkowe obowi\u0105zki naszej pani intendent, zmianie ulegaj\u0105 godziny p\u0142atno\u015bci za obiady. P\u0142atno\u015bci mo\u017cna dokona\u0107 od poniedzia\u0142ku do pi\u0105tku w nast\u0119puj\u0105cych godzinach: od 7.00 do 10.00 i od 13.00 do 15.00.<\/span><\/p>\n<p><a href=\"http:\/\/zsp-lasin.pl\/wp-content\/uploads\/2025\/09\/542760534_1282315587025514_1061874915855637723_n.jpg\"><img fetchpriority=\"high\" class=\"aligncenter wp-image-34503\" src=\"http:\/\/zsp-lasin.pl\/wp-content\/uploads\/2025\/09\/542760534_1282315587025514_1061874915855637723_n-300x300.jpg\" alt=\"\" width=\"400\" height=\"400\" srcset=\"http:\/\/zsp-lasin.pl\/wp-content\/uploads\/2025\/09\/542760534_1282315587025514_1061874915855637723_n-300x300.jpg 300w, http:\/\/zsp-lasin.pl\/wp-content\/uploads\/2025\/09\/542760534_1282315587025514_1061874915855637723_n-1024x1024.jpg 1024w, http:\/\/zsp-lasin.pl\/wp-content\/uploads\/2025\/09\/542760534_1282315587025514_1061874915855637723_n-150x150.jpg 150w, http:\/\/zsp-lasin.pl\/wp-content\/uploads\/2025\/09\/542760534_1282315587025514_1061874915855637723_n-768x768.jpg 768w, http:\/\/zsp-lasin.pl\/wp-content\/uploads\/2025\/09\/542760534_1282315587025514_1061874915855637723_n-270x270.jpg 270w, http:\/\/zsp-lasin.pl\/wp-content\/uploads\/2025\/09\/542760534_1282315587025514_1061874915855637723_n.jpg 1080w\" sizes=\"(max-width: 400px) 100vw, 400px\" \/><\/a><\/p>\n<p style=\"text-align: right;\"><span style=\"color: #000000;\"><em><span style=\"font-family: 'times new roman', times, serif; font-size: 10px;\">(\u017ar\u00f3d\u0142o: SP \u0141asin)<\/span><\/em><\/span><\/p>\n","protected":false},"excerpt":{"rendered":"<p>Ze wzgl\u0119du na dodatkowe obowi\u0105zki naszej pani intendent, zmianie ulegaj\u0105 godziny p\u0142atno\u015bci za obiady. P\u0142atno\u015bci mo\u017cna dokona\u0107 od poniedzia\u0142ku do pi\u0105tku w nast\u0119puj\u0105cych godzinach: od 7.00 do 10.00 i od 13.00 do 15.00. (\u017ar\u00f3d\u0142o: SP \u0141asin)<\/p>\n","protected":false},"author":1,"featured_media":0,"comment_status":"closed","ping_status":"closed","sticky":false,"template":"","format":"standard","meta":[],"categories":[1],"tags":[],"_links":{"self":[{"href":"http:\/\/zsp-lasin.pl\/index.php?rest_route=\/wp\/v2\/posts\/34502"}],"collection":[{"href":"http:\/\/zsp-lasin.pl\/index.php?rest_route=\/wp\/v2\/posts"}],"about":[{"href":"http:\/\/zsp-lasin.pl\/index.php?rest_route=\/wp\/v2\/types\/post"}],"author":[{"embeddable":true,"href":"http:\/\/zsp-lasin.pl\/index.php?rest_route=\/wp\/v2\/users\/1"}],"replies":[{"embeddable":true,"href":"http:\/\/zsp-lasin.pl\/index.php?rest_route=%2Fwp%2Fv2%2Fcomments&post=34502"}],"version-history":[{"count":2,"href":"http:\/\/zsp-lasin.pl\/index.php?rest_route=\/wp\/v2\/posts\/34502\/revisions"}],"predecessor-version":[{"id":34505,"href":"http:\/\/zsp-lasin.pl\/index.php?rest_route=\/wp\/v2\/posts\/34502\/revisions\/34505"}],"wp:attachment":[{"href":"http:\/\/zsp-lasin.pl\/index.php?rest_route=%2Fwp%2Fv2%2Fmedia&parent=34502"}],"wp:term":[{"taxonomy":"category","embeddable":true,"href":"http:\/\/zsp-lasin.pl\/index.php?rest_route=%2Fwp%2Fv2%2Fcategories&post=34502"},{"taxonomy":"post_tag","embeddable":true,"href":"http:\/\/zsp-lasin.pl\/index.php?rest_route=%2Fwp%2Fv2%2Ftags&post=34502"}],"curies":[{"name":"wp","href":"https:\/\/api.w.org\/{rel}","templated":true}]}}