{"id":35252,"date":"2025-10-15T17:10:03","date_gmt":"2025-10-15T17:10:03","guid":{"rendered":"https:\/\/zsp-lasin.pl\/?p=35252"},"modified":"2025-10-18T06:39:59","modified_gmt":"2025-10-18T06:39:59","slug":"solidarni-z-osobami-niewidomymi","status":"publish","type":"post","link":"http:\/\/zsp-lasin.pl\/?p=35252","title":{"rendered":"Solidarni z osobami niewidomymi."},"content":{"rendered":"<div class=\"xdj266r x14z9mp xat24cr x1lziwak x1vvkbs x126k92a\">\n<div dir=\"auto\" style=\"text-align: center;\">Mi\u0119dzynarodowy Dzie\u0144 Bia\u0142ej Laski.<\/div>\n<\/div>\n<div class=\"x14z9mp xat24cr x1lziwak x1vvkbs xtlvy1s x126k92a\">\n<div dir=\"auto\" style=\"text-align: center;\">15 pa\u017adziernika to Mi\u0119dzynarodowy Dzie\u0144 Bia\u0142ej Laski. Z tej okazji w naszej szkole odby\u0142a si\u0119 audycja przez radiow\u0119ze\u0142. Uczniowie klasy 4c opowiadali, jak zachowa\u0107 si\u0119 w towarzystwie niewidomego oraz podkre\u015blili, \u017ce przy niewielkiej pomocy niewidomi mog\u0105 pokonywa\u0107 w\u0142asne ograniczenia.<\/div>\n<div dir=\"auto\" style=\"text-align: center;\">Audycj\u0119 przygotowa\u0142a p. M. Uniatowska i p. A. Janiuk.<\/div>\n<\/div>\n<div dir=\"auto\"><\/div>\n<div dir=\"auto\"><a href=\"http:\/\/zsp-lasin.pl\/wp-content\/uploads\/2025\/10\/1-9.jpg\"><img fetchpriority=\"high\" class=\"alignleft size-medium wp-image-35253\" src=\"http:\/\/zsp-lasin.pl\/wp-content\/uploads\/2025\/10\/1-9-225x300.jpg\" alt=\"\" width=\"225\" height=\"300\" srcset=\"http:\/\/zsp-lasin.pl\/wp-content\/uploads\/2025\/10\/1-9-225x300.jpg 225w, http:\/\/zsp-lasin.pl\/wp-content\/uploads\/2025\/10\/1-9-768x1024.jpg 768w, http:\/\/zsp-lasin.pl\/wp-content\/uploads\/2025\/10\/1-9-1152x1536.jpg 1152w, http:\/\/zsp-lasin.pl\/wp-content\/uploads\/2025\/10\/1-9-203x270.jpg 203w, http:\/\/zsp-lasin.pl\/wp-content\/uploads\/2025\/10\/1-9.jpg 1536w\" sizes=\"(max-width: 225px) 100vw, 225px\" \/><\/a> <a href=\"http:\/\/zsp-lasin.pl\/wp-content\/uploads\/2025\/10\/2-10.jpg\"><img class=\"alignleft size-medium wp-image-35254\" src=\"http:\/\/zsp-lasin.pl\/wp-content\/uploads\/2025\/10\/2-10-225x300.jpg\" alt=\"\" width=\"225\" height=\"300\" srcset=\"http:\/\/zsp-lasin.pl\/wp-content\/uploads\/2025\/10\/2-10-225x300.jpg 225w, http:\/\/zsp-lasin.pl\/wp-content\/uploads\/2025\/10\/2-10-768x1024.jpg 768w, http:\/\/zsp-lasin.pl\/wp-content\/uploads\/2025\/10\/2-10-1152x1536.jpg 1152w, http:\/\/zsp-lasin.pl\/wp-content\/uploads\/2025\/10\/2-10-203x270.jpg 203w, http:\/\/zsp-lasin.pl\/wp-content\/uploads\/2025\/10\/2-10.jpg 1536w\" sizes=\"(max-width: 225px) 100vw, 225px\" \/><\/a><\/div>\n<div dir=\"auto\"><\/div>\n<div dir=\"auto\"><\/div>\n<div dir=\"auto\"><\/div>\n<div dir=\"auto\"><\/div>\n<div dir=\"auto\"><\/div>\n<div dir=\"auto\"><\/div>\n<div dir=\"auto\"><\/div>\n<div dir=\"auto\"><\/div>\n<div dir=\"auto\"><\/div>\n<div dir=\"auto\"><\/div>\n<div dir=\"auto\"><\/div>\n<div dir=\"auto\"><\/div>\n<div dir=\"auto\"><\/div>\n<div dir=\"auto\"><\/div>\n<div dir=\"auto\"><\/div>\n<div dir=\"auto\" style=\"text-align: center;\"><em>(\u017ar\u00f3d\u0142o: SP \u0141asin)<\/em><\/div>\n","protected":false},"excerpt":{"rendered":"<p>Mi\u0119dzynarodowy Dzie\u0144 Bia\u0142ej Laski. 15 pa\u017adziernika to Mi\u0119dzynarodowy Dzie\u0144 Bia\u0142ej Laski. Z tej okazji w naszej szkole odby\u0142a si\u0119 audycja przez radiow\u0119ze\u0142. Uczniowie klasy 4c opowiadali, jak zachowa\u0107 si\u0119 w towarzystwie niewidomego oraz podkre\u015blili, \u017ce przy niewielkiej pomocy niewidomi mog\u0105 pokonywa\u0107 w\u0142asne ograniczenia. Audycj\u0119 przygotowa\u0142a p. M. Uniatowska i p.&hellip;<\/p>\n","protected":false},"author":1,"featured_media":0,"comment_status":"closed","ping_status":"closed","sticky":false,"template":"","format":"standard","meta":[],"categories":[1],"tags":[],"_links":{"self":[{"href":"http:\/\/zsp-lasin.pl\/index.php?rest_route=\/wp\/v2\/posts\/35252"}],"collection":[{"href":"http:\/\/zsp-lasin.pl\/index.php?rest_route=\/wp\/v2\/posts"}],"about":[{"href":"http:\/\/zsp-lasin.pl\/index.php?rest_route=\/wp\/v2\/types\/post"}],"author":[{"embeddable":true,"href":"http:\/\/zsp-lasin.pl\/index.php?rest_route=\/wp\/v2\/users\/1"}],"replies":[{"embeddable":true,"href":"http:\/\/zsp-lasin.pl\/index.php?rest_route=%2Fwp%2Fv2%2Fcomments&post=35252"}],"version-history":[{"count":2,"href":"http:\/\/zsp-lasin.pl\/index.php?rest_route=\/wp\/v2\/posts\/35252\/revisions"}],"predecessor-version":[{"id":35271,"href":"http:\/\/zsp-lasin.pl\/index.php?rest_route=\/wp\/v2\/posts\/35252\/revisions\/35271"}],"wp:attachment":[{"href":"http:\/\/zsp-lasin.pl\/index.php?rest_route=%2Fwp%2Fv2%2Fmedia&parent=35252"}],"wp:term":[{"taxonomy":"category","embeddable":true,"href":"http:\/\/zsp-lasin.pl\/index.php?rest_route=%2Fwp%2Fv2%2Fcategories&post=35252"},{"taxonomy":"post_tag","embeddable":true,"href":"http:\/\/zsp-lasin.pl\/index.php?rest_route=%2Fwp%2Fv2%2Ftags&post=35252"}],"curies":[{"name":"wp","href":"https:\/\/api.w.org\/{rel}","templated":true}]}}