{"id":35256,"date":"2025-10-16T11:53:52","date_gmt":"2025-10-16T11:53:52","guid":{"rendered":"https:\/\/zsp-lasin.pl\/?p=35256"},"modified":"2025-10-16T11:53:52","modified_gmt":"2025-10-16T11:53:52","slug":"jesienne-drzewo","status":"publish","type":"post","link":"http:\/\/zsp-lasin.pl\/?p=35256","title":{"rendered":"Jesienne drzewo"},"content":{"rendered":"<p style=\"text-align: center;\">Zaproszenie do konkursu plastycznego &#8222;JESIENNE DRZEWO&#8221;<br \/>\n\ud83c\udf41\ud83c\udf42\ud83c\udf41\ud83c\udf42\ud83c\udf41\ud83c\udf42\ud83c\udf41\ud83c\udf42<br \/>\nSzko\u0142a Podstawowa w \u0141asinie<br \/>\nSerdecznie zaprasza do udzia\u0142u w konkursie plastycznym<br \/>\n1. Konkurs trwa\u0107 b\u0119dzie od 15.10.2025r. do 14.11.2025r.<br \/>\n2. Temat prac konkursowych brzmi: \u201eJesienne drzewo\u201d.<br \/>\n3. W konkursie mog\u0105 bra\u0107 udzia\u0142 uczniowie z klas 1 &#8211; 3<br \/>\nWarunki uczestnictwa w konkursie:<br \/>\n1. Praca konkursowa ma by\u0107 prac\u0105 plastyczn\u0105 wykonan\u0105 w formacie A4, technik\u0105 dowoln\u0105. Materia\u0142y trwa\u0142e, nie sypkie.<br \/>\n2. Prace przekazane na konkurs musz\u0105 by\u0107 pracami wykonanymi samodzielnie przez dziecko pod kierunkiem nauczyciela lub rodzica.<br \/>\n3. Ka\u017cdy uczestnik mo\u017ce wykona\u0107 jedn\u0105 prac\u0119 konkursow\u0105.<br \/>\n4. Oceny prac dokona komisja.<br \/>\n6. Ka\u017cda praca powinna by\u0107 opatrzona danymi: imi\u0119 i nazwisko, wiek autora pracy oraz klasa.<br \/>\n7. Prace nale\u017cy dostarczy\u0107 do 14.11.2025r. do p. Kamili Ka\u0142u\u017cnej i p. Katarzyny Kuhn.<br \/>\nCelem konkursu jest:<br \/>\n&#8211; wzbudzenie w uczestnikach kreatywno\u015bci i wra\u017cliwo\u015bci artystycznej dzieci<br \/>\n&#8211; wzbogacenie warsztatu plastycznego<br \/>\n&#8211; popularyzowanie tw\u00f3rczo\u015bci dzieci<br \/>\n&#8211; rozwijanie wra\u017cliwo\u015bci i wyobra\u017ani m\u0142odych artyst\u00f3w<br \/>\n&#8211; zainteresowanie dzieci tematyk\u0105 jesienn\u0105<br \/>\nWyniki konkursu i nagrody:<br \/>\n1. Komisja powo\u0142ana przez Organizatora Konkursu wy\u0142oni spo\u015br\u00f3d przekazanych prac laureat\u00f3w konkursu.<br \/>\n2. Kryteria oceny prac: samodzielno\u015b\u0107 wykonania pracy, pomys\u0142owo\u015b\u0107, walory artystyczne, materia\u0142 u\u017cyty do wykonania pracy.<br \/>\n3. Og\u0142oszenie wynik\u00f3w nast\u0105pi do 21.11.2025r. na stronie internetowej naszej Szko\u0142y.<br \/>\n4. Autorzy nagrodzonych prac otrzymaj\u0105 dyplomy i nagrody.<br \/>\n5. Prace nie spe\u0142niaj\u0105ce wymog\u00f3w regulaminowych, nie b\u0119d\u0119 bra\u0142y udzia\u0142u w konkursie.<br \/>\nOrganizatorzy:<br \/>\nKamila Ka\u0142u\u017cna,<br \/>\nKatarzyna Kuhn<\/p>\n","protected":false},"excerpt":{"rendered":"<p>Zaproszenie do konkursu plastycznego &#8222;JESIENNE DRZEWO&#8221; \ud83c\udf41\ud83c\udf42\ud83c\udf41\ud83c\udf42\ud83c\udf41\ud83c\udf42\ud83c\udf41\ud83c\udf42 Szko\u0142a Podstawowa w \u0141asinie Serdecznie zaprasza do udzia\u0142u w konkursie plastycznym 1. Konkurs trwa\u0107 b\u0119dzie od 15.10.2025r. do 14.11.2025r. 2. Temat prac konkursowych brzmi: \u201eJesienne drzewo\u201d. 3. W konkursie mog\u0105 bra\u0107 udzia\u0142 uczniowie z klas 1 &#8211; 3 Warunki uczestnictwa w konkursie: 1.&hellip;<\/p>\n","protected":false},"author":1,"featured_media":35257,"comment_status":"closed","ping_status":"closed","sticky":false,"template":"","format":"standard","meta":[],"categories":[1],"tags":[],"_links":{"self":[{"href":"http:\/\/zsp-lasin.pl\/index.php?rest_route=\/wp\/v2\/posts\/35256"}],"collection":[{"href":"http:\/\/zsp-lasin.pl\/index.php?rest_route=\/wp\/v2\/posts"}],"about":[{"href":"http:\/\/zsp-lasin.pl\/index.php?rest_route=\/wp\/v2\/types\/post"}],"author":[{"embeddable":true,"href":"http:\/\/zsp-lasin.pl\/index.php?rest_route=\/wp\/v2\/users\/1"}],"replies":[{"embeddable":true,"href":"http:\/\/zsp-lasin.pl\/index.php?rest_route=%2Fwp%2Fv2%2Fcomments&post=35256"}],"version-history":[{"count":1,"href":"http:\/\/zsp-lasin.pl\/index.php?rest_route=\/wp\/v2\/posts\/35256\/revisions"}],"predecessor-version":[{"id":35258,"href":"http:\/\/zsp-lasin.pl\/index.php?rest_route=\/wp\/v2\/posts\/35256\/revisions\/35258"}],"wp:featuredmedia":[{"embeddable":true,"href":"http:\/\/zsp-lasin.pl\/index.php?rest_route=\/wp\/v2\/media\/35257"}],"wp:attachment":[{"href":"http:\/\/zsp-lasin.pl\/index.php?rest_route=%2Fwp%2Fv2%2Fmedia&parent=35256"}],"wp:term":[{"taxonomy":"category","embeddable":true,"href":"http:\/\/zsp-lasin.pl\/index.php?rest_route=%2Fwp%2Fv2%2Fcategories&post=35256"},{"taxonomy":"post_tag","embeddable":true,"href":"http:\/\/zsp-lasin.pl\/index.php?rest_route=%2Fwp%2Fv2%2Ftags&post=35256"}],"curies":[{"name":"wp","href":"https:\/\/api.w.org\/{rel}","templated":true}]}}