{"id":36107,"date":"2025-11-19T16:08:37","date_gmt":"2025-11-19T16:08:37","guid":{"rendered":"https:\/\/zsp-lasin.pl\/?p=36107"},"modified":"2025-11-19T20:08:18","modified_gmt":"2025-11-19T20:08:18","slug":"dziecinstwo-bez-przemocy-19-listopada-2025","status":"publish","type":"post","link":"http:\/\/zsp-lasin.pl\/?p=36107","title":{"rendered":"Dzieci\u0144stwo Bez Przemocy &#8211;       19 Listopada 2025"},"content":{"rendered":"<div dir=\"auto\" style=\"text-align: center;\">Zbli\u017ca si\u0119 godzina 17.00 &#8211; co ona oznacza w tym dniu?<\/div>\n<div dir=\"auto\" style=\"text-align: center;\"><span class=\"html-span xexx8yu xyri2b x18d9i69 x1c1uobl x1hl2dhg x16tdsg8 x1vvkbs x3nfvp2 x1j61x8r x1fcty0u xdj266r xat24cr xm2jcoa x1mpyi22 xxymvpz xlup9mm x1kky2od\"><img class=\"xz74otr x15mokao x1ga7v0g x16uus16 xbiv7yw\" src=\"https:\/\/static.xx.fbcdn.net\/images\/emoji.php\/v9\/t45\/1\/16\/1f6a8.png\" alt=\"\ud83d\udea8\" width=\"16\" height=\"16\" \/><\/span><span class=\"html-span xexx8yu xyri2b x18d9i69 x1c1uobl x1hl2dhg x16tdsg8 x1vvkbs x3nfvp2 x1j61x8r x1fcty0u xdj266r xat24cr xm2jcoa x1mpyi22 xxymvpz xlup9mm x1kky2od\"><img class=\"xz74otr x15mokao x1ga7v0g x16uus16 xbiv7yw\" src=\"https:\/\/static.xx.fbcdn.net\/images\/emoji.php\/v9\/t45\/1\/16\/1f6a8.png\" alt=\"\ud83d\udea8\" width=\"16\" height=\"16\" \/><\/span><span class=\"html-span xexx8yu xyri2b x18d9i69 x1c1uobl x1hl2dhg x16tdsg8 x1vvkbs x3nfvp2 x1j61x8r x1fcty0u xdj266r xat24cr xm2jcoa x1mpyi22 xxymvpz xlup9mm x1kky2od\"><img class=\"xz74otr x15mokao x1ga7v0g x16uus16 xbiv7yw\" src=\"https:\/\/static.xx.fbcdn.net\/images\/emoji.php\/v9\/t45\/1\/16\/1f6a8.png\" alt=\"\ud83d\udea8\" width=\"16\" height=\"16\" \/><\/span><span class=\"html-span xexx8yu xyri2b x18d9i69 x1c1uobl x1hl2dhg x16tdsg8 x1vvkbs x3nfvp2 x1j61x8r x1fcty0u xdj266r xat24cr xm2jcoa x1mpyi22 xxymvpz xlup9mm x1kky2od\"><img class=\"xz74otr x15mokao x1ga7v0g x16uus16 xbiv7yw\" src=\"https:\/\/static.xx.fbcdn.net\/images\/emoji.php\/v9\/t45\/1\/16\/1f6a8.png\" alt=\"\ud83d\udea8\" width=\"16\" height=\"16\" \/><\/span><span class=\"html-span xexx8yu xyri2b x18d9i69 x1c1uobl x1hl2dhg x16tdsg8 x1vvkbs x3nfvp2 x1j61x8r x1fcty0u xdj266r xat24cr xm2jcoa x1mpyi22 xxymvpz xlup9mm x1kky2od\"><img class=\"xz74otr x15mokao x1ga7v0g x16uus16 xbiv7yw\" src=\"https:\/\/static.xx.fbcdn.net\/images\/emoji.php\/v9\/t45\/1\/16\/1f6a8.png\" alt=\"\ud83d\udea8\" width=\"16\" height=\"16\" \/><\/span><\/div>\n<div dir=\"auto\" style=\"text-align: center;\">Dzisiaj nasza szko\u0142a przy\u0142\u0105cza si\u0119 do akcji &#8222;Dzieci\u0144stwo bez przemocy&#8221;. O godzinie 17.00 pod\u015bwietlimy front szko\u0142y w symbolicznym ge\u015bcie sprzeciwu wobec krzywdzenia dzieci. Przemoc wobec dzieci nie jest spraw\u0105 prywatn\u0105 &#8211; to problem, wobec kt\u00f3rego nie mo\u017cemy pozosta\u0107 oboj\u0119tni.<\/div>\n<div dir=\"auto\" style=\"text-align: center;\">\n<p>\u201eChro\u0144my dzieci \u2013 ich spok\u00f3j to nasza odpowiedzialno\u015b\u0107&#8221;.<\/p>\n<div class=\"mceTemp\"><\/div>\n<div class=\"su-image-carousel  su-image-carousel-columns-3 su-image-carousel-has-spacing su-image-carousel-crop su-image-carousel-crop-4-3 su-image-carousel-has-lightbox su-image-carousel-has-outline su-image-carousel-adaptive su-image-carousel-slides-style-minimal su-image-carousel-controls-style-dark su-image-carousel-align-center\" style=\"\" data-flickity-options='{\"groupCells\":true,\"cellSelector\":\".su-image-carousel-item\",\"adaptiveHeight\":false,\"cellAlign\":\"left\",\"prevNextButtons\":true,\"pageDots\":true,\"autoPlay\":5000,\"imagesLoaded\":true,\"contain\":true,\"selectedAttraction\":0.025,\"friction\":0.28}' id=\"su_image_carousel_69f781eb77b7d\"><div class=\"su-image-carousel-item\"><div class=\"su-image-carousel-item-content\"><a href=\"http:\/\/zsp-lasin.pl\/wp-content\/uploads\/2025\/11\/5-1.jpg\" data-caption=\"\"><img width=\"640\" height=\"640\" src=\"http:\/\/zsp-lasin.pl\/wp-content\/uploads\/2025\/11\/5-1-1024x1024.jpg\" class=\"\" alt=\"\" srcset=\"http:\/\/zsp-lasin.pl\/wp-content\/uploads\/2025\/11\/5-1-1024x1024.jpg 1024w, http:\/\/zsp-lasin.pl\/wp-content\/uploads\/2025\/11\/5-1-300x300.jpg 300w, http:\/\/zsp-lasin.pl\/wp-content\/uploads\/2025\/11\/5-1-150x150.jpg 150w, http:\/\/zsp-lasin.pl\/wp-content\/uploads\/2025\/11\/5-1-768x768.jpg 768w, http:\/\/zsp-lasin.pl\/wp-content\/uploads\/2025\/11\/5-1-270x270.jpg 270w, http:\/\/zsp-lasin.pl\/wp-content\/uploads\/2025\/11\/5-1.jpg 1080w\" sizes=\"(max-width: 640px) 100vw, 640px\" \/><span><\/span><\/a><\/div><\/div><div class=\"su-image-carousel-item\"><div class=\"su-image-carousel-item-content\"><a href=\"http:\/\/zsp-lasin.pl\/wp-content\/uploads\/2025\/11\/3-1.jpg\" data-caption=\"\"><img width=\"640\" height=\"640\" src=\"http:\/\/zsp-lasin.pl\/wp-content\/uploads\/2025\/11\/3-1-1024x1024.jpg\" class=\"\" alt=\"\" srcset=\"http:\/\/zsp-lasin.pl\/wp-content\/uploads\/2025\/11\/3-1-1024x1024.jpg 1024w, http:\/\/zsp-lasin.pl\/wp-content\/uploads\/2025\/11\/3-1-300x300.jpg 300w, http:\/\/zsp-lasin.pl\/wp-content\/uploads\/2025\/11\/3-1-150x150.jpg 150w, http:\/\/zsp-lasin.pl\/wp-content\/uploads\/2025\/11\/3-1-768x768.jpg 768w, http:\/\/zsp-lasin.pl\/wp-content\/uploads\/2025\/11\/3-1-270x270.jpg 270w, http:\/\/zsp-lasin.pl\/wp-content\/uploads\/2025\/11\/3-1.jpg 1080w\" sizes=\"(max-width: 640px) 100vw, 640px\" \/><span><\/span><\/a><\/div><\/div><div class=\"su-image-carousel-item\"><div class=\"su-image-carousel-item-content\"><a href=\"http:\/\/zsp-lasin.pl\/wp-content\/uploads\/2025\/11\/2-1.jpg\" data-caption=\"\"><img width=\"640\" height=\"640\" src=\"http:\/\/zsp-lasin.pl\/wp-content\/uploads\/2025\/11\/2-1-1024x1024.jpg\" class=\"\" alt=\"\" srcset=\"http:\/\/zsp-lasin.pl\/wp-content\/uploads\/2025\/11\/2-1-1024x1024.jpg 1024w, http:\/\/zsp-lasin.pl\/wp-content\/uploads\/2025\/11\/2-1-300x300.jpg 300w, http:\/\/zsp-lasin.pl\/wp-content\/uploads\/2025\/11\/2-1-150x150.jpg 150w, http:\/\/zsp-lasin.pl\/wp-content\/uploads\/2025\/11\/2-1-768x768.jpg 768w, http:\/\/zsp-lasin.pl\/wp-content\/uploads\/2025\/11\/2-1-270x270.jpg 270w, http:\/\/zsp-lasin.pl\/wp-content\/uploads\/2025\/11\/2-1.jpg 1080w\" sizes=\"(max-width: 640px) 100vw, 640px\" \/><span><\/span><\/a><\/div><\/div><div class=\"su-image-carousel-item\"><div class=\"su-image-carousel-item-content\"><a href=\"http:\/\/zsp-lasin.pl\/wp-content\/uploads\/2025\/11\/1-1.jpg\" data-caption=\"Screenshot\"><img width=\"640\" height=\"890\" src=\"http:\/\/zsp-lasin.pl\/wp-content\/uploads\/2025\/11\/1-1-736x1024.jpg\" class=\"\" alt=\"\" srcset=\"http:\/\/zsp-lasin.pl\/wp-content\/uploads\/2025\/11\/1-1-736x1024.jpg 736w, http:\/\/zsp-lasin.pl\/wp-content\/uploads\/2025\/11\/1-1-216x300.jpg 216w, http:\/\/zsp-lasin.pl\/wp-content\/uploads\/2025\/11\/1-1-768x1069.jpg 768w, http:\/\/zsp-lasin.pl\/wp-content\/uploads\/2025\/11\/1-1-1104x1536.jpg 1104w, http:\/\/zsp-lasin.pl\/wp-content\/uploads\/2025\/11\/1-1-194x270.jpg 194w, http:\/\/zsp-lasin.pl\/wp-content\/uploads\/2025\/11\/1-1.jpg 1179w\" sizes=\"(max-width: 640px) 100vw, 640px\" \/><span>Screenshot<\/span><\/a><\/div><\/div><\/div><script id=\"su_image_carousel_69f781eb77b7d_script\">if(window.SUImageCarousel){setTimeout(function() {window.SUImageCarousel.initGallery(document.getElementById(\"su_image_carousel_69f781eb77b7d\"))}, 0);}var su_image_carousel_69f781eb77b7d_script=document.getElementById(\"su_image_carousel_69f781eb77b7d_script\");if(su_image_carousel_69f781eb77b7d_script){su_image_carousel_69f781eb77b7d_script.parentNode.removeChild(su_image_carousel_69f781eb77b7d_script);}<\/script>\n<div dir=\"auto\"><\/div>\n<div dir=\"auto\"><\/div>\n<div dir=\"auto\"><\/div>\n<\/div>\n","protected":false},"excerpt":{"rendered":"<p>Zbli\u017ca si\u0119 godzina 17.00 &#8211; co ona oznacza w tym dniu? Dzisiaj nasza szko\u0142a przy\u0142\u0105cza si\u0119 do akcji &#8222;Dzieci\u0144stwo bez przemocy&#8221;. O godzinie 17.00 pod\u015bwietlimy front szko\u0142y w symbolicznym ge\u015bcie sprzeciwu wobec krzywdzenia dzieci. Przemoc wobec dzieci nie jest spraw\u0105 prywatn\u0105 &#8211; to problem, wobec kt\u00f3rego nie mo\u017cemy pozosta\u0107 oboj\u0119tni.&hellip;<\/p>\n","protected":false},"author":1,"featured_media":0,"comment_status":"closed","ping_status":"closed","sticky":false,"template":"","format":"standard","meta":[],"categories":[1],"tags":[],"_links":{"self":[{"href":"http:\/\/zsp-lasin.pl\/index.php?rest_route=\/wp\/v2\/posts\/36107"}],"collection":[{"href":"http:\/\/zsp-lasin.pl\/index.php?rest_route=\/wp\/v2\/posts"}],"about":[{"href":"http:\/\/zsp-lasin.pl\/index.php?rest_route=\/wp\/v2\/types\/post"}],"author":[{"embeddable":true,"href":"http:\/\/zsp-lasin.pl\/index.php?rest_route=\/wp\/v2\/users\/1"}],"replies":[{"embeddable":true,"href":"http:\/\/zsp-lasin.pl\/index.php?rest_route=%2Fwp%2Fv2%2Fcomments&post=36107"}],"version-history":[{"count":3,"href":"http:\/\/zsp-lasin.pl\/index.php?rest_route=\/wp\/v2\/posts\/36107\/revisions"}],"predecessor-version":[{"id":36132,"href":"http:\/\/zsp-lasin.pl\/index.php?rest_route=\/wp\/v2\/posts\/36107\/revisions\/36132"}],"wp:attachment":[{"href":"http:\/\/zsp-lasin.pl\/index.php?rest_route=%2Fwp%2Fv2%2Fmedia&parent=36107"}],"wp:term":[{"taxonomy":"category","embeddable":true,"href":"http:\/\/zsp-lasin.pl\/index.php?rest_route=%2Fwp%2Fv2%2Fcategories&post=36107"},{"taxonomy":"post_tag","embeddable":true,"href":"http:\/\/zsp-lasin.pl\/index.php?rest_route=%2Fwp%2Fv2%2Ftags&post=36107"}],"curies":[{"name":"wp","href":"https:\/\/api.w.org\/{rel}","templated":true}]}}