{"id":39356,"date":"2026-04-29T04:19:23","date_gmt":"2026-04-29T04:19:23","guid":{"rendered":"https:\/\/zsp-lasin.pl\/?p=39356"},"modified":"2026-04-29T04:19:23","modified_gmt":"2026-04-29T04:19:23","slug":"korespondencja-z-watykanu-8","status":"publish","type":"post","link":"https:\/\/zsp-lasin.pl\/?p=39356","title":{"rendered":"Korespondencja z Watykanu"},"content":{"rendered":"<div dir=\"auto\">Kolejna korespondencja z Watykanu.<\/div>\n<div dir=\"auto\"><span class=\"html-span xexx8yu xyri2b x18d9i69 x1c1uobl x1hl2dhg x16tdsg8 x1vvkbs x3nfvp2 x1j61x8r x1fcty0u xdj266r xat24cr xm2jcoa x1mpyi22 xxymvpz xlup9mm x1kky2od\"><img class=\"xz74otr x15mokao x1ga7v0g x16uus16 xbiv7yw\" src=\"https:\/\/static.xx.fbcdn.net\/images\/emoji.php\/v9\/tb3\/1\/16\/1f1fb_1f1e6.png\" alt=\"\ud83c\uddfb\ud83c\udde6\" width=\"16\" height=\"16\" \/><\/span><span class=\"html-span xexx8yu xyri2b x18d9i69 x1c1uobl x1hl2dhg x16tdsg8 x1vvkbs x3nfvp2 x1j61x8r x1fcty0u xdj266r xat24cr xm2jcoa x1mpyi22 xxymvpz xlup9mm x1kky2od\"><img class=\"xz74otr x15mokao x1ga7v0g x16uus16 xbiv7yw\" src=\"https:\/\/static.xx.fbcdn.net\/images\/emoji.php\/v9\/tb3\/1\/16\/1f1fb_1f1e6.png\" alt=\"\ud83c\uddfb\ud83c\udde6\" width=\"16\" height=\"16\" \/><\/span><span class=\"html-span xexx8yu xyri2b x18d9i69 x1c1uobl x1hl2dhg x16tdsg8 x1vvkbs x3nfvp2 x1j61x8r x1fcty0u xdj266r xat24cr xm2jcoa x1mpyi22 xxymvpz xlup9mm x1kky2od\"><img class=\"xz74otr x15mokao x1ga7v0g x16uus16 xbiv7yw\" src=\"https:\/\/static.xx.fbcdn.net\/images\/emoji.php\/v9\/tb3\/1\/16\/1f1fb_1f1e6.png\" alt=\"\ud83c\uddfb\ud83c\udde6\" width=\"16\" height=\"16\" \/><\/span><\/div>\n<div dir=\"auto\">Otrzymali\u015bmy list w odpowiedzi na przes\u0142ane do Papie\u017ca \u017cyczenia wielkanocne od uczni\u00f3w naszej szko\u0142y. Pomys\u0142odawc\u0105 listu do Watykanu jest<\/div>\n<div dir=\"auto\">p. B. Zdunek &#8211; Jaranowska.<\/div>\n<div dir=\"auto\">\n<div id='gallery-1' class='gallery galleryid-39356 gallery-columns-1 gallery-size-large'><figure class='gallery-item'>\n\t\t\t<div class='gallery-icon portrait'>\n\t\t\t\t<a href='https:\/\/zsp-lasin.pl\/?attachment_id=39350'><img width=\"640\" height=\"853\" src=\"https:\/\/zsp-lasin.pl\/wp-content\/uploads\/2026\/04\/682473403_1470829091507495_4220934633976573333_n-768x1024.jpg\" class=\"attachment-large size-large\" alt=\"\" srcset=\"https:\/\/zsp-lasin.pl\/wp-content\/uploads\/2026\/04\/682473403_1470829091507495_4220934633976573333_n-768x1024.jpg 768w, https:\/\/zsp-lasin.pl\/wp-content\/uploads\/2026\/04\/682473403_1470829091507495_4220934633976573333_n-225x300.jpg 225w, https:\/\/zsp-lasin.pl\/wp-content\/uploads\/2026\/04\/682473403_1470829091507495_4220934633976573333_n-1152x1536.jpg 1152w, https:\/\/zsp-lasin.pl\/wp-content\/uploads\/2026\/04\/682473403_1470829091507495_4220934633976573333_n-203x270.jpg 203w, https:\/\/zsp-lasin.pl\/wp-content\/uploads\/2026\/04\/682473403_1470829091507495_4220934633976573333_n.jpg 1536w\" sizes=\"(max-width: 640px) 100vw, 640px\" \/><\/a>\n\t\t\t<\/div><\/figure>\n\t\t<\/div>\n\n<p style=\"text-align: right;\">(\u017ar\u00f3d\u0142o: SP \u0141asin)<\/p>\n<\/div>\n","protected":false},"excerpt":{"rendered":"<p>Kolejna korespondencja z Watykanu. Otrzymali\u015bmy list w odpowiedzi na przes\u0142ane do Papie\u017ca \u017cyczenia wielkanocne od uczni\u00f3w naszej szko\u0142y. Pomys\u0142odawc\u0105 listu do Watykanu jest p. B. Zdunek &#8211; Jaranowska. (\u017ar\u00f3d\u0142o: SP \u0141asin)<\/p>\n","protected":false},"author":1,"featured_media":0,"comment_status":"closed","ping_status":"closed","sticky":false,"template":"","format":"standard","meta":[],"categories":[1],"tags":[],"_links":{"self":[{"href":"https:\/\/zsp-lasin.pl\/index.php?rest_route=\/wp\/v2\/posts\/39356"}],"collection":[{"href":"https:\/\/zsp-lasin.pl\/index.php?rest_route=\/wp\/v2\/posts"}],"about":[{"href":"https:\/\/zsp-lasin.pl\/index.php?rest_route=\/wp\/v2\/types\/post"}],"author":[{"embeddable":true,"href":"https:\/\/zsp-lasin.pl\/index.php?rest_route=\/wp\/v2\/users\/1"}],"replies":[{"embeddable":true,"href":"https:\/\/zsp-lasin.pl\/index.php?rest_route=%2Fwp%2Fv2%2Fcomments&post=39356"}],"version-history":[{"count":2,"href":"https:\/\/zsp-lasin.pl\/index.php?rest_route=\/wp\/v2\/posts\/39356\/revisions"}],"predecessor-version":[{"id":39358,"href":"https:\/\/zsp-lasin.pl\/index.php?rest_route=\/wp\/v2\/posts\/39356\/revisions\/39358"}],"wp:attachment":[{"href":"https:\/\/zsp-lasin.pl\/index.php?rest_route=%2Fwp%2Fv2%2Fmedia&parent=39356"}],"wp:term":[{"taxonomy":"category","embeddable":true,"href":"https:\/\/zsp-lasin.pl\/index.php?rest_route=%2Fwp%2Fv2%2Fcategories&post=39356"},{"taxonomy":"post_tag","embeddable":true,"href":"https:\/\/zsp-lasin.pl\/index.php?rest_route=%2Fwp%2Fv2%2Ftags&post=39356"}],"curies":[{"name":"wp","href":"https:\/\/api.w.org\/{rel}","templated":true}]}}